{"id":7101,"date":"2026-03-11T12:19:08","date_gmt":"2026-03-11T11:19:08","guid":{"rendered":"https:\/\/smartlab.cvtisr.sk\/?p=7101"},"modified":"2026-03-19T11:20:20","modified_gmt":"2026-03-19T10:20:20","slug":"smartlaby-na-pedagogickych-fakultach-budu-coskoro-realitou","status":"publish","type":"post","link":"https:\/\/smartlab.cvtisr.sk\/index.php\/2026\/03\/11\/smartlaby-na-pedagogickych-fakultach-budu-coskoro-realitou\/","title":{"rendered":"SmartLaby na pedagogick\u00fdch fakult\u00e1ch bud\u00fa \u010doskoro realitou"},"content":{"rendered":"\n<h2 id=\"gspb_heading-id-gsbp-273bd05\" class=\"gspb_heading gspb_heading-id-gsbp-273bd05 \">SmartLaby na pedagogick\u00fdch fakult\u00e1ch bud\u00fa \u010doskoro realitou<\/h2>\n\n\n\n<p><strong>Inteligentn\u00e9 laborat\u00f3ri\u00e1 v 50 verejn\u00fdch kni\u017eniciach na Slovensku vst\u00fapili v roku 2025 do rozhoduj\u00facej f\u00e1zy implement\u00e1cie. Po intenz\u00edvnom vzdel\u00e1van\u00ed knihovn\u00edkov a sl\u00e1vnostn\u00fdch otvoreniach sa nov\u00e9 technol\u00f3gie postupne za\u010dlenili do kni\u017eni\u010dn\u00fdch slu\u017eieb. V tomto roku k nim pribudn\u00fa \u010fal\u0161ie a sie\u0165 SmartLabov sa tak postupne rozrastie.<\/strong> <\/p>\n\n\n\n<figure class=\"wp-block-image alignleft size-large is-resized\"><img loading=\"lazy\" decoding=\"async\" width=\"819\" height=\"1024\" src=\"https:\/\/smartlab.cvtisr.sk\/wp-content\/uploads\/2026\/03\/602976466_791957493874806_220853245726057157_n-2-819x1024.jpg\" alt=\"\" class=\"wp-image-7110\" style=\"aspect-ratio:0.7998040690773097;width:379px;height:auto\" srcset=\"https:\/\/smartlab.cvtisr.sk\/wp-content\/uploads\/2026\/03\/602976466_791957493874806_220853245726057157_n-2-819x1024.jpg 819w, https:\/\/smartlab.cvtisr.sk\/wp-content\/uploads\/2026\/03\/602976466_791957493874806_220853245726057157_n-2-240x300.jpg 240w, https:\/\/smartlab.cvtisr.sk\/wp-content\/uploads\/2026\/03\/602976466_791957493874806_220853245726057157_n-2-768x960.jpg 768w, https:\/\/smartlab.cvtisr.sk\/wp-content\/uploads\/2026\/03\/602976466_791957493874806_220853245726057157_n-2-1229x1536.jpg 1229w, https:\/\/smartlab.cvtisr.sk\/wp-content\/uploads\/2026\/03\/602976466_791957493874806_220853245726057157_n-2.jpg 1638w\" sizes=\"auto, (max-width: 819px) 100vw, 819px\" \/><\/figure>\n\n\n\n<p>V roku 2025 sa v SmartLaboch v kni\u017eniciach uskuto\u010dnilo 1 144 vzdel\u00e1vac\u00edch podujat\u00ed s celkov\u00fdm po\u010dtom 12 592 \u00fa\u010dastn\u00edkov. Ide o v\u00fdsledok, ktor\u00fd prekonal prvotn\u00e9 o\u010dak\u00e1vania. Hlavn\u00fd z\u00e1ujem bol o pyrografiu, no nezaost\u00e1vali ani aktivity zameran\u00e9 na programovanie, robotiku, 3D tla\u010d \u010di kreat\u00edvne potla\u010de a&nbsp;\u00fapravy predmetov. Koncom roka sa SmartLaby roz\u0161\u00edrili aj o \u010fal\u0161ie vybavenie &#8211; VR headsety, ktor\u00e9 prines\u00fa \u010fal\u0161ie mo\u017enosti populariz\u00e1cie vedy a v\u00fdskumu v spolo\u010dnosti.<\/p>\n\n\n\n<p>SmartLaby v kni\u017eniciach postupne naberaj\u00fa svoj kurz, prib\u00fadaj\u00fa \u0161kolenia, workshopy, podujatia, ktor\u00e9 l\u00e1kaj\u00fa verejnos\u0165 a s\u00fa atrakt\u00edvne pre r\u00f4zne vekov\u00e9 skupiny. Ich roz\u0161\u00edrenie je preto prirodzenou s\u00fa\u010das\u0165ou procesu rozvoja digit\u00e1lnych zru\u010dnost\u00ed potrebn\u00fdch v 21. storo\u010d\u00ed.<\/p>\n\n\n\n<h6 id=\"gspb_heading-id-gsbp-952de06\" class=\"gspb_heading gspb_heading-id-gsbp-952de06 \">SmartLaby na vysok\u00fdch \u0161kol\u00e1ch<\/h6>\n\n\n\n<p>V priebehu tohto roka postupne pribudn\u00fa SmartLaby na 5 vysok\u00fdch \u0161kol\u00e1ch, pri pedagogick\u00fdch fakult\u00e1ch. Tieto pracovisk\u00e1 prepoja pr\u00edpravu bud\u00facich u\u010dite\u013eov s modern\u00fdmi technol\u00f3giami a metodikou STEAM vzdel\u00e1vania a z\u00e1rove\u0148 posilnia metodick\u00fa a inova\u010dn\u00fa kapacitu celej siete. Nielen pedag\u00f3govia, ale najm\u00e4 \u0161tudenti sa tak u\u017e po\u010das vysokej \u0161koly nau\u010dia pracova\u0165 s technologick\u00fdm vybaven\u00edm a eduka\u010dn\u00fdmi pom\u00f4ckami, ktor\u00e9 im zabezpe\u010dia dostato\u010dn\u00e9 digit\u00e1lne kompetencie pre prax. Okrem toho bud\u00fa st\u00e1\u0165 i za vytv\u00e1ran\u00edm vzdel\u00e1vac\u00edch materi\u00e1lov a podujat\u00ed.  <\/p>\n\n\n\n<p>Budovanie Inteligentn\u00fdch laborat\u00f3ri\u00ed je realizovan\u00e9 v r\u00e1mci opatrenia Podporovanie rozvoja inteligentn\u00fdch laborat\u00f3ri\u00ed v kni\u017eniciach. Opatrenie je s\u00fa\u010das\u0165ou Ak\u010dn\u00e9ho pl\u00e1nu N\u00e1rodnej strat\u00e9gii v\u00fdskumu, v\u00fdvoja a inov\u00e1ci\u00ed 2030, ktorej autorom je V\u00fdskumn\u00e1 a inova\u010dn\u00e1 autorita \u00daradu vl\u00e1dy SR. <\/p>\n\n\n\n<p><\/p>\n","protected":false},"excerpt":{"rendered":"<p>Inteligentn\u00e9 laborat\u00f3ri\u00e1 v 50 verejn\u00fdch kni\u017eniciach na Slovensku vst\u00fapili v roku 2025 do rozhoduj\u00facej f\u00e1zy implement\u00e1cie. Po intenz\u00edvnom vzdel\u00e1van\u00ed knihovn\u00edkov a sl\u00e1vnostn\u00fdch otvoreniach sa nov\u00e9 technol\u00f3gie postupne za\u010dlenili do kni\u017eni\u010dn\u00fdch slu\u017eieb. V tomto roku k nim pribudn\u00fa \u010fal\u0161ie a sie\u0165 SmartLabov sa tak postupne rozrastie. V roku 2025 sa v SmartLaboch v kni\u017eniciach uskuto\u010dnilo 1 [&hellip;]<\/p>\n","protected":false},"author":5,"featured_media":7110,"comment_status":"closed","ping_status":"open","sticky":false,"template":"","format":"standard","meta":{"qubely_global_settings":"","qubely_interactions":"","_gspb_post_css":"#gspb_heading-id-gsbp-273bd05{margin-bottom:0}","footnotes":""},"categories":[6],"tags":[],"class_list":["post-7101","post","type-post","status-publish","format-standard","has-post-thumbnail","hentry","category-aktuality"],"blocksy_meta":[],"qubely_featured_image_url":{"full":["https:\/\/smartlab.cvtisr.sk\/wp-content\/uploads\/2026\/03\/602976466_791957493874806_220853245726057157_n-2.jpg",1638,2048,false],"landscape":["https:\/\/smartlab.cvtisr.sk\/wp-content\/uploads\/2026\/03\/602976466_791957493874806_220853245726057157_n-2-1200x750.jpg",1200,750,true],"portraits":["https:\/\/smartlab.cvtisr.sk\/wp-content\/uploads\/2026\/03\/602976466_791957493874806_220853245726057157_n-2-540x320.jpg",540,320,true],"thumbnail":["https:\/\/smartlab.cvtisr.sk\/wp-content\/uploads\/2026\/03\/602976466_791957493874806_220853245726057157_n-2-150x150.jpg",150,150,true],"medium":["https:\/\/smartlab.cvtisr.sk\/wp-content\/uploads\/2026\/03\/602976466_791957493874806_220853245726057157_n-2-240x300.jpg",240,300,true],"medium_large":["https:\/\/smartlab.cvtisr.sk\/wp-content\/uploads\/2026\/03\/602976466_791957493874806_220853245726057157_n-2-768x960.jpg",768,960,true],"large":["https:\/\/smartlab.cvtisr.sk\/wp-content\/uploads\/2026\/03\/602976466_791957493874806_220853245726057157_n-2-819x1024.jpg",819,1024,true],"1536x1536":["https:\/\/smartlab.cvtisr.sk\/wp-content\/uploads\/2026\/03\/602976466_791957493874806_220853245726057157_n-2-1229x1536.jpg",1229,1536,true],"2048x2048":["https:\/\/smartlab.cvtisr.sk\/wp-content\/uploads\/2026\/03\/602976466_791957493874806_220853245726057157_n-2.jpg",1638,2048,false],"qubely_landscape":["https:\/\/smartlab.cvtisr.sk\/wp-content\/uploads\/2026\/03\/602976466_791957493874806_220853245726057157_n-2-1200x750.jpg",1200,750,true],"qubely_portrait":["https:\/\/smartlab.cvtisr.sk\/wp-content\/uploads\/2026\/03\/602976466_791957493874806_220853245726057157_n-2-540x320.jpg",540,320,true],"qubely_thumbnail":["https:\/\/smartlab.cvtisr.sk\/wp-content\/uploads\/2026\/03\/602976466_791957493874806_220853245726057157_n-2-140x100.jpg",140,100,true]},"qubely_author":{"display_name":"Patricia","author_link":"https:\/\/smartlab.cvtisr.sk\/index.php\/author\/patricia\/"},"qubely_comment":0,"qubely_category":"<a href=\"https:\/\/smartlab.cvtisr.sk\/index.php\/category\/aktuality\/\" rel=\"category tag\">Aktuality<\/a>","qubely_excerpt":"Inteligentn\u00e9 laborat\u00f3ri\u00e1 v 50 verejn\u00fdch kni\u017eniciach na Slovensku vst\u00fapili v roku 2025 do rozhoduj\u00facej f\u00e1zy implement\u00e1cie. Po intenz\u00edvnom vzdel\u00e1van\u00ed knihovn\u00edkov a sl\u00e1vnostn\u00fdch otvoreniach sa nov\u00e9 technol\u00f3gie postupne za\u010dlenili do kni\u017eni\u010dn\u00fdch slu\u017eieb. V tomto roku k nim pribudn\u00fa \u010fal\u0161ie a sie\u0165 SmartLabov sa tak postupne rozrastie. V roku 2025 sa v SmartLaboch v kni\u017eniciach uskuto\u010dnilo 1&hellip;","yoast_head":"<!-- This site is optimized with the Yoast SEO plugin v27.5 - https:\/\/yoast.com\/product\/yoast-seo-wordpress\/ -->\n<title>SmartLaby na pedagogick\u00fdch fakult\u00e1ch bud\u00fa \u010doskoro realitou - SmartLab<\/title>\n<meta name=\"description\" content=\"V priebehu tohto roka postupne pribudn\u00fa SmartLaby na piatich vysok\u00fdch \u0161kol\u00e1ch, pri pedagogick\u00fdch fakult\u00e1ch.\" \/>\n<meta name=\"robots\" content=\"index, follow, max-snippet:-1, max-image-preview:large, max-video-preview:-1\" \/>\n<link rel=\"canonical\" href=\"https:\/\/smartlab.cvtisr.sk\/index.php\/2026\/03\/11\/smartlaby-na-pedagogickych-fakultach-budu-coskoro-realitou\/\" \/>\n<meta property=\"og:locale\" content=\"sk_SK\" \/>\n<meta property=\"og:type\" content=\"article\" \/>\n<meta property=\"og:title\" content=\"SmartLaby na pedagogick\u00fdch fakult\u00e1ch bud\u00fa \u010doskoro realitou - SmartLab\" \/>\n<meta property=\"og:description\" content=\"V priebehu tohto roka postupne pribudn\u00fa SmartLaby na piatich vysok\u00fdch \u0161kol\u00e1ch, pri pedagogick\u00fdch fakult\u00e1ch.\" \/>\n<meta property=\"og:url\" content=\"https:\/\/smartlab.cvtisr.sk\/index.php\/2026\/03\/11\/smartlaby-na-pedagogickych-fakultach-budu-coskoro-realitou\/\" \/>\n<meta property=\"og:site_name\" content=\"SmartLab\" \/>\n<meta property=\"article:published_time\" content=\"2026-03-11T11:19:08+00:00\" \/>\n<meta property=\"article:modified_time\" content=\"2026-03-19T10:20:20+00:00\" \/>\n<meta property=\"og:image\" content=\"https:\/\/smartlab.cvtisr.sk\/wp-content\/uploads\/2026\/03\/602976466_791957493874806_220853245726057157_n-2.jpg\" \/>\n\t<meta property=\"og:image:width\" content=\"1638\" \/>\n\t<meta property=\"og:image:height\" content=\"2048\" \/>\n\t<meta property=\"og:image:type\" content=\"image\/jpeg\" \/>\n<meta name=\"author\" content=\"Patricia\" \/>\n<meta name=\"twitter:card\" content=\"summary_large_image\" \/>\n<meta name=\"twitter:label1\" content=\"Autor\" \/>\n\t<meta name=\"twitter:data1\" content=\"Patricia\" \/>\n\t<meta name=\"twitter:label2\" content=\"Predpokladan\u00fd \u010das \u010d\u00edtania\" \/>\n\t<meta name=\"twitter:data2\" content=\"2 min\u00faty\" \/>\n<script type=\"application\/ld+json\" class=\"yoast-schema-graph\">{\"@context\":\"https:\\\/\\\/schema.org\",\"@graph\":[{\"@type\":\"Article\",\"@id\":\"https:\\\/\\\/smartlab.cvtisr.sk\\\/index.php\\\/2026\\\/03\\\/11\\\/smartlaby-na-pedagogickych-fakultach-budu-coskoro-realitou\\\/#article\",\"isPartOf\":{\"@id\":\"https:\\\/\\\/smartlab.cvtisr.sk\\\/index.php\\\/2026\\\/03\\\/11\\\/smartlaby-na-pedagogickych-fakultach-budu-coskoro-realitou\\\/\"},\"author\":{\"name\":\"Patricia\",\"@id\":\"https:\\\/\\\/smartlab.cvtisr.sk\\\/#\\\/schema\\\/person\\\/06acee974fc815036a2d5a5ce94c6ef5\"},\"headline\":\"SmartLaby na pedagogick\u00fdch fakult\u00e1ch bud\u00fa \u010doskoro realitou\",\"datePublished\":\"2026-03-11T11:19:08+00:00\",\"dateModified\":\"2026-03-19T10:20:20+00:00\",\"mainEntityOfPage\":{\"@id\":\"https:\\\/\\\/smartlab.cvtisr.sk\\\/index.php\\\/2026\\\/03\\\/11\\\/smartlaby-na-pedagogickych-fakultach-budu-coskoro-realitou\\\/\"},\"wordCount\":373,\"publisher\":{\"@id\":\"https:\\\/\\\/smartlab.cvtisr.sk\\\/#organization\"},\"image\":{\"@id\":\"https:\\\/\\\/smartlab.cvtisr.sk\\\/index.php\\\/2026\\\/03\\\/11\\\/smartlaby-na-pedagogickych-fakultach-budu-coskoro-realitou\\\/#primaryimage\"},\"thumbnailUrl\":\"https:\\\/\\\/smartlab.cvtisr.sk\\\/wp-content\\\/uploads\\\/2026\\\/03\\\/602976466_791957493874806_220853245726057157_n-2.jpg\",\"articleSection\":[\"Aktuality\"],\"inLanguage\":\"sk-SK\"},{\"@type\":\"WebPage\",\"@id\":\"https:\\\/\\\/smartlab.cvtisr.sk\\\/index.php\\\/2026\\\/03\\\/11\\\/smartlaby-na-pedagogickych-fakultach-budu-coskoro-realitou\\\/\",\"url\":\"https:\\\/\\\/smartlab.cvtisr.sk\\\/index.php\\\/2026\\\/03\\\/11\\\/smartlaby-na-pedagogickych-fakultach-budu-coskoro-realitou\\\/\",\"name\":\"SmartLaby na pedagogick\u00fdch fakult\u00e1ch bud\u00fa \u010doskoro realitou - SmartLab\",\"isPartOf\":{\"@id\":\"https:\\\/\\\/smartlab.cvtisr.sk\\\/#website\"},\"primaryImageOfPage\":{\"@id\":\"https:\\\/\\\/smartlab.cvtisr.sk\\\/index.php\\\/2026\\\/03\\\/11\\\/smartlaby-na-pedagogickych-fakultach-budu-coskoro-realitou\\\/#primaryimage\"},\"image\":{\"@id\":\"https:\\\/\\\/smartlab.cvtisr.sk\\\/index.php\\\/2026\\\/03\\\/11\\\/smartlaby-na-pedagogickych-fakultach-budu-coskoro-realitou\\\/#primaryimage\"},\"thumbnailUrl\":\"https:\\\/\\\/smartlab.cvtisr.sk\\\/wp-content\\\/uploads\\\/2026\\\/03\\\/602976466_791957493874806_220853245726057157_n-2.jpg\",\"datePublished\":\"2026-03-11T11:19:08+00:00\",\"dateModified\":\"2026-03-19T10:20:20+00:00\",\"description\":\"V priebehu tohto roka postupne pribudn\u00fa SmartLaby na piatich vysok\u00fdch \u0161kol\u00e1ch, pri pedagogick\u00fdch fakult\u00e1ch.\",\"breadcrumb\":{\"@id\":\"https:\\\/\\\/smartlab.cvtisr.sk\\\/index.php\\\/2026\\\/03\\\/11\\\/smartlaby-na-pedagogickych-fakultach-budu-coskoro-realitou\\\/#breadcrumb\"},\"inLanguage\":\"sk-SK\",\"potentialAction\":[{\"@type\":\"ReadAction\",\"target\":[\"https:\\\/\\\/smartlab.cvtisr.sk\\\/index.php\\\/2026\\\/03\\\/11\\\/smartlaby-na-pedagogickych-fakultach-budu-coskoro-realitou\\\/\"]}]},{\"@type\":\"ImageObject\",\"inLanguage\":\"sk-SK\",\"@id\":\"https:\\\/\\\/smartlab.cvtisr.sk\\\/index.php\\\/2026\\\/03\\\/11\\\/smartlaby-na-pedagogickych-fakultach-budu-coskoro-realitou\\\/#primaryimage\",\"url\":\"https:\\\/\\\/smartlab.cvtisr.sk\\\/wp-content\\\/uploads\\\/2026\\\/03\\\/602976466_791957493874806_220853245726057157_n-2.jpg\",\"contentUrl\":\"https:\\\/\\\/smartlab.cvtisr.sk\\\/wp-content\\\/uploads\\\/2026\\\/03\\\/602976466_791957493874806_220853245726057157_n-2.jpg\",\"width\":1638,\"height\":2048},{\"@type\":\"BreadcrumbList\",\"@id\":\"https:\\\/\\\/smartlab.cvtisr.sk\\\/index.php\\\/2026\\\/03\\\/11\\\/smartlaby-na-pedagogickych-fakultach-budu-coskoro-realitou\\\/#breadcrumb\",\"itemListElement\":[{\"@type\":\"ListItem\",\"position\":1,\"name\":\"Home\",\"item\":\"https:\\\/\\\/smartlab.cvtisr.sk\\\/\"},{\"@type\":\"ListItem\",\"position\":2,\"name\":\"SmartLaby na pedagogick\u00fdch fakult\u00e1ch bud\u00fa \u010doskoro realitou\"}]},{\"@type\":\"WebSite\",\"@id\":\"https:\\\/\\\/smartlab.cvtisr.sk\\\/#website\",\"url\":\"https:\\\/\\\/smartlab.cvtisr.sk\\\/\",\"name\":\"SmartLab\",\"description\":\"\",\"publisher\":{\"@id\":\"https:\\\/\\\/smartlab.cvtisr.sk\\\/#organization\"},\"potentialAction\":[{\"@type\":\"SearchAction\",\"target\":{\"@type\":\"EntryPoint\",\"urlTemplate\":\"https:\\\/\\\/smartlab.cvtisr.sk\\\/?s={search_term_string}\"},\"query-input\":{\"@type\":\"PropertyValueSpecification\",\"valueRequired\":true,\"valueName\":\"search_term_string\"}}],\"inLanguage\":\"sk-SK\"},{\"@type\":\"Organization\",\"@id\":\"https:\\\/\\\/smartlab.cvtisr.sk\\\/#organization\",\"name\":\"SmartLab\",\"url\":\"https:\\\/\\\/smartlab.cvtisr.sk\\\/\",\"logo\":{\"@type\":\"ImageObject\",\"inLanguage\":\"sk-SK\",\"@id\":\"https:\\\/\\\/smartlab.cvtisr.sk\\\/#\\\/schema\\\/logo\\\/image\\\/\",\"url\":\"https:\\\/\\\/smartlab.cvtisr.sk\\\/wp-content\\\/uploads\\\/2025\\\/01\\\/smartlab_logo_tag.png\",\"contentUrl\":\"https:\\\/\\\/smartlab.cvtisr.sk\\\/wp-content\\\/uploads\\\/2025\\\/01\\\/smartlab_logo_tag.png\",\"width\":434,\"height\":115,\"caption\":\"SmartLab\"},\"image\":{\"@id\":\"https:\\\/\\\/smartlab.cvtisr.sk\\\/#\\\/schema\\\/logo\\\/image\\\/\"}},{\"@type\":\"Person\",\"@id\":\"https:\\\/\\\/smartlab.cvtisr.sk\\\/#\\\/schema\\\/person\\\/06acee974fc815036a2d5a5ce94c6ef5\",\"name\":\"Patricia\",\"image\":{\"@type\":\"ImageObject\",\"inLanguage\":\"sk-SK\",\"@id\":\"https:\\\/\\\/secure.gravatar.com\\\/avatar\\\/fa015bdf0918b03b7b7f8b13f94ca52765db76dd400d89cfc8480dbe8b00755c?s=96&d=mm&r=g\",\"url\":\"https:\\\/\\\/secure.gravatar.com\\\/avatar\\\/fa015bdf0918b03b7b7f8b13f94ca52765db76dd400d89cfc8480dbe8b00755c?s=96&d=mm&r=g\",\"contentUrl\":\"https:\\\/\\\/secure.gravatar.com\\\/avatar\\\/fa015bdf0918b03b7b7f8b13f94ca52765db76dd400d89cfc8480dbe8b00755c?s=96&d=mm&r=g\",\"caption\":\"Patricia\"},\"url\":\"https:\\\/\\\/smartlab.cvtisr.sk\\\/index.php\\\/author\\\/patricia\\\/\"}]}<\/script>\n<!-- \/ Yoast SEO plugin. -->","yoast_head_json":{"title":"SmartLaby na pedagogick\u00fdch fakult\u00e1ch bud\u00fa \u010doskoro realitou - SmartLab","description":"V priebehu tohto roka postupne pribudn\u00fa SmartLaby na piatich vysok\u00fdch \u0161kol\u00e1ch, pri pedagogick\u00fdch fakult\u00e1ch.","robots":{"index":"index","follow":"follow","max-snippet":"max-snippet:-1","max-image-preview":"max-image-preview:large","max-video-preview":"max-video-preview:-1"},"canonical":"https:\/\/smartlab.cvtisr.sk\/index.php\/2026\/03\/11\/smartlaby-na-pedagogickych-fakultach-budu-coskoro-realitou\/","og_locale":"sk_SK","og_type":"article","og_title":"SmartLaby na pedagogick\u00fdch fakult\u00e1ch bud\u00fa \u010doskoro realitou - SmartLab","og_description":"V priebehu tohto roka postupne pribudn\u00fa SmartLaby na piatich vysok\u00fdch \u0161kol\u00e1ch, pri pedagogick\u00fdch fakult\u00e1ch.","og_url":"https:\/\/smartlab.cvtisr.sk\/index.php\/2026\/03\/11\/smartlaby-na-pedagogickych-fakultach-budu-coskoro-realitou\/","og_site_name":"SmartLab","article_published_time":"2026-03-11T11:19:08+00:00","article_modified_time":"2026-03-19T10:20:20+00:00","og_image":[{"width":1638,"height":2048,"url":"https:\/\/smartlab.cvtisr.sk\/wp-content\/uploads\/2026\/03\/602976466_791957493874806_220853245726057157_n-2.jpg","type":"image\/jpeg"}],"author":"Patricia","twitter_card":"summary_large_image","twitter_misc":{"Autor":"Patricia","Predpokladan\u00fd \u010das \u010d\u00edtania":"2 min\u00faty"},"schema":{"@context":"https:\/\/schema.org","@graph":[{"@type":"Article","@id":"https:\/\/smartlab.cvtisr.sk\/index.php\/2026\/03\/11\/smartlaby-na-pedagogickych-fakultach-budu-coskoro-realitou\/#article","isPartOf":{"@id":"https:\/\/smartlab.cvtisr.sk\/index.php\/2026\/03\/11\/smartlaby-na-pedagogickych-fakultach-budu-coskoro-realitou\/"},"author":{"name":"Patricia","@id":"https:\/\/smartlab.cvtisr.sk\/#\/schema\/person\/06acee974fc815036a2d5a5ce94c6ef5"},"headline":"SmartLaby na pedagogick\u00fdch fakult\u00e1ch bud\u00fa \u010doskoro realitou","datePublished":"2026-03-11T11:19:08+00:00","dateModified":"2026-03-19T10:20:20+00:00","mainEntityOfPage":{"@id":"https:\/\/smartlab.cvtisr.sk\/index.php\/2026\/03\/11\/smartlaby-na-pedagogickych-fakultach-budu-coskoro-realitou\/"},"wordCount":373,"publisher":{"@id":"https:\/\/smartlab.cvtisr.sk\/#organization"},"image":{"@id":"https:\/\/smartlab.cvtisr.sk\/index.php\/2026\/03\/11\/smartlaby-na-pedagogickych-fakultach-budu-coskoro-realitou\/#primaryimage"},"thumbnailUrl":"https:\/\/smartlab.cvtisr.sk\/wp-content\/uploads\/2026\/03\/602976466_791957493874806_220853245726057157_n-2.jpg","articleSection":["Aktuality"],"inLanguage":"sk-SK"},{"@type":"WebPage","@id":"https:\/\/smartlab.cvtisr.sk\/index.php\/2026\/03\/11\/smartlaby-na-pedagogickych-fakultach-budu-coskoro-realitou\/","url":"https:\/\/smartlab.cvtisr.sk\/index.php\/2026\/03\/11\/smartlaby-na-pedagogickych-fakultach-budu-coskoro-realitou\/","name":"SmartLaby na pedagogick\u00fdch fakult\u00e1ch bud\u00fa \u010doskoro realitou - SmartLab","isPartOf":{"@id":"https:\/\/smartlab.cvtisr.sk\/#website"},"primaryImageOfPage":{"@id":"https:\/\/smartlab.cvtisr.sk\/index.php\/2026\/03\/11\/smartlaby-na-pedagogickych-fakultach-budu-coskoro-realitou\/#primaryimage"},"image":{"@id":"https:\/\/smartlab.cvtisr.sk\/index.php\/2026\/03\/11\/smartlaby-na-pedagogickych-fakultach-budu-coskoro-realitou\/#primaryimage"},"thumbnailUrl":"https:\/\/smartlab.cvtisr.sk\/wp-content\/uploads\/2026\/03\/602976466_791957493874806_220853245726057157_n-2.jpg","datePublished":"2026-03-11T11:19:08+00:00","dateModified":"2026-03-19T10:20:20+00:00","description":"V priebehu tohto roka postupne pribudn\u00fa SmartLaby na piatich vysok\u00fdch \u0161kol\u00e1ch, pri pedagogick\u00fdch fakult\u00e1ch.","breadcrumb":{"@id":"https:\/\/smartlab.cvtisr.sk\/index.php\/2026\/03\/11\/smartlaby-na-pedagogickych-fakultach-budu-coskoro-realitou\/#breadcrumb"},"inLanguage":"sk-SK","potentialAction":[{"@type":"ReadAction","target":["https:\/\/smartlab.cvtisr.sk\/index.php\/2026\/03\/11\/smartlaby-na-pedagogickych-fakultach-budu-coskoro-realitou\/"]}]},{"@type":"ImageObject","inLanguage":"sk-SK","@id":"https:\/\/smartlab.cvtisr.sk\/index.php\/2026\/03\/11\/smartlaby-na-pedagogickych-fakultach-budu-coskoro-realitou\/#primaryimage","url":"https:\/\/smartlab.cvtisr.sk\/wp-content\/uploads\/2026\/03\/602976466_791957493874806_220853245726057157_n-2.jpg","contentUrl":"https:\/\/smartlab.cvtisr.sk\/wp-content\/uploads\/2026\/03\/602976466_791957493874806_220853245726057157_n-2.jpg","width":1638,"height":2048},{"@type":"BreadcrumbList","@id":"https:\/\/smartlab.cvtisr.sk\/index.php\/2026\/03\/11\/smartlaby-na-pedagogickych-fakultach-budu-coskoro-realitou\/#breadcrumb","itemListElement":[{"@type":"ListItem","position":1,"name":"Home","item":"https:\/\/smartlab.cvtisr.sk\/"},{"@type":"ListItem","position":2,"name":"SmartLaby na pedagogick\u00fdch fakult\u00e1ch bud\u00fa \u010doskoro realitou"}]},{"@type":"WebSite","@id":"https:\/\/smartlab.cvtisr.sk\/#website","url":"https:\/\/smartlab.cvtisr.sk\/","name":"SmartLab","description":"","publisher":{"@id":"https:\/\/smartlab.cvtisr.sk\/#organization"},"potentialAction":[{"@type":"SearchAction","target":{"@type":"EntryPoint","urlTemplate":"https:\/\/smartlab.cvtisr.sk\/?s={search_term_string}"},"query-input":{"@type":"PropertyValueSpecification","valueRequired":true,"valueName":"search_term_string"}}],"inLanguage":"sk-SK"},{"@type":"Organization","@id":"https:\/\/smartlab.cvtisr.sk\/#organization","name":"SmartLab","url":"https:\/\/smartlab.cvtisr.sk\/","logo":{"@type":"ImageObject","inLanguage":"sk-SK","@id":"https:\/\/smartlab.cvtisr.sk\/#\/schema\/logo\/image\/","url":"https:\/\/smartlab.cvtisr.sk\/wp-content\/uploads\/2025\/01\/smartlab_logo_tag.png","contentUrl":"https:\/\/smartlab.cvtisr.sk\/wp-content\/uploads\/2025\/01\/smartlab_logo_tag.png","width":434,"height":115,"caption":"SmartLab"},"image":{"@id":"https:\/\/smartlab.cvtisr.sk\/#\/schema\/logo\/image\/"}},{"@type":"Person","@id":"https:\/\/smartlab.cvtisr.sk\/#\/schema\/person\/06acee974fc815036a2d5a5ce94c6ef5","name":"Patricia","image":{"@type":"ImageObject","inLanguage":"sk-SK","@id":"https:\/\/secure.gravatar.com\/avatar\/fa015bdf0918b03b7b7f8b13f94ca52765db76dd400d89cfc8480dbe8b00755c?s=96&d=mm&r=g","url":"https:\/\/secure.gravatar.com\/avatar\/fa015bdf0918b03b7b7f8b13f94ca52765db76dd400d89cfc8480dbe8b00755c?s=96&d=mm&r=g","contentUrl":"https:\/\/secure.gravatar.com\/avatar\/fa015bdf0918b03b7b7f8b13f94ca52765db76dd400d89cfc8480dbe8b00755c?s=96&d=mm&r=g","caption":"Patricia"},"url":"https:\/\/smartlab.cvtisr.sk\/index.php\/author\/patricia\/"}]}},"_links":{"self":[{"href":"https:\/\/smartlab.cvtisr.sk\/index.php\/wp-json\/wp\/v2\/posts\/7101","targetHints":{"allow":["GET"]}}],"collection":[{"href":"https:\/\/smartlab.cvtisr.sk\/index.php\/wp-json\/wp\/v2\/posts"}],"about":[{"href":"https:\/\/smartlab.cvtisr.sk\/index.php\/wp-json\/wp\/v2\/types\/post"}],"author":[{"embeddable":true,"href":"https:\/\/smartlab.cvtisr.sk\/index.php\/wp-json\/wp\/v2\/users\/5"}],"replies":[{"embeddable":true,"href":"https:\/\/smartlab.cvtisr.sk\/index.php\/wp-json\/wp\/v2\/comments?post=7101"}],"version-history":[{"count":5,"href":"https:\/\/smartlab.cvtisr.sk\/index.php\/wp-json\/wp\/v2\/posts\/7101\/revisions"}],"predecessor-version":[{"id":7168,"href":"https:\/\/smartlab.cvtisr.sk\/index.php\/wp-json\/wp\/v2\/posts\/7101\/revisions\/7168"}],"wp:featuredmedia":[{"embeddable":true,"href":"https:\/\/smartlab.cvtisr.sk\/index.php\/wp-json\/wp\/v2\/media\/7110"}],"wp:attachment":[{"href":"https:\/\/smartlab.cvtisr.sk\/index.php\/wp-json\/wp\/v2\/media?parent=7101"}],"wp:term":[{"taxonomy":"category","embeddable":true,"href":"https:\/\/smartlab.cvtisr.sk\/index.php\/wp-json\/wp\/v2\/categories?post=7101"},{"taxonomy":"post_tag","embeddable":true,"href":"https:\/\/smartlab.cvtisr.sk\/index.php\/wp-json\/wp\/v2\/tags?post=7101"}],"curies":[{"name":"wp","href":"https:\/\/api.w.org\/{rel}","templated":true}]}}